{"id":79,"date":"2023-09-27T16:54:26","date_gmt":"2023-09-27T16:54:26","guid":{"rendered":"https:\/\/eymarbella.com\/?p=79"},"modified":"2023-09-29T17:47:23","modified_gmt":"2023-09-29T17:47:23","slug":"79","status":"publish","type":"post","link":"https:\/\/eymarbella.com\/?p=79","title":{"rendered":"Juernes 28 de Septiembre"},"content":{"rendered":"\n<h1 class=\"wp-block-heading has-text-align-center\">Juernes 28 de Septiembre<\/h1>\n\n\n\n<p class=\"has-text-align-center\"><\/p>\n\n\n\n<div class=\"wp-block-group is-vertical is-content-justification-center is-layout-flex wp-container-core-group-is-layout-88a7ed2c wp-block-group-is-layout-flex\">\n<ul class=\"wp-block-list\">\n<li>El <a href=\"https:\/\/marbellafc.es\">Marbella F.C.<\/a> se enfrenta al <a href=\"https:\/\/www.orihuelaclubdefutbol.com\">Orihuela F.C.<\/a> el <strong>1 de Octubre<\/strong> en nuestro campo <a href=\"https:\/\/www.google.com\/maps\/place\/La+Dama+de+Noche,+29660+Marbella,+M\u00e1laga\/data=!4m2!3m1!1s0xd7329dc228c338f:0x63f518a04656f79?sa=X&amp;ved=2ahUKEwjxtpKHi8mBAxWtU6QEHYXTA7IQ8gF6BAhLEAA&amp;ved=2ahUKEwjxtpKHi8mBAxWtU6QEHYXTA7IQ8gF6BAhSEAE\">La Dama de Noche<\/a> a las 17:00h. Los de Beltran buscan su 5\u00aa victoria consecutiva y as\u00ed afianzarse en lo mas alto de la tabla.<\/li>\n<\/ul>\n\n\n<div class=\"wp-block-image\">\n<figure class=\"aligncenter size-large is-resized\"><img loading=\"lazy\" decoding=\"async\" src=\"https:\/\/eymarbella.com\/wp-content\/uploads\/2023\/09\/Marbella-fc-Orihuela-fc-1024x576.jpeg\" alt=\"\" class=\"wp-image-81\" style=\"width:457px;height:257px\" width=\"457\" height=\"257\" srcset=\"https:\/\/eymarbella.com\/wp-content\/uploads\/2023\/09\/Marbella-fc-Orihuela-fc-1024x576.jpeg 1024w, https:\/\/eymarbella.com\/wp-content\/uploads\/2023\/09\/Marbella-fc-Orihuela-fc-300x169.jpeg 300w, https:\/\/eymarbella.com\/wp-content\/uploads\/2023\/09\/Marbella-fc-Orihuela-fc-768x432.jpeg 768w, https:\/\/eymarbella.com\/wp-content\/uploads\/2023\/09\/Marbella-fc-Orihuela-fc-1536x864.jpeg 1536w, https:\/\/eymarbella.com\/wp-content\/uploads\/2023\/09\/Marbella-fc-Orihuela-fc.jpeg 1920w\" sizes=\"auto, (max-width: 457px) 100vw, 457px\" \/><\/figure>\n<\/div><\/div>\n\n\n\n<div class=\"wp-block-group is-vertical is-content-justification-center is-layout-flex wp-container-core-group-is-layout-4b2eccd6 wp-block-group-is-layout-flex\">\n<ul class=\"wp-block-list\">\n<li>Si buscas escaparte un poco del deporte y prefieres algo de cultura, este jueves <strong>28 de Septiembre<\/strong> continuara el ciclo-homenaje a <a href=\"https:\/\/es.wikipedia.org\/wiki\/Jean_Cocteau\">Jean Cocteau<\/a> en el <a href=\"https:\/\/www.google.com\/maps\/place\/Museo+del+Grabado+Espa\u00f1ol+Contempor\u00e1neo\/@36.5101263,-4.8828141,15z\/data=!4m14!1m7!3m6!1s0xd72d80803f5afd1:0x86d17d0efc3c8b62!2sMuseo+del+Grabado+Espa\u00f1ol+Contempor\u00e1neo!8m2!3d36.5101263!4d-4.8828141!16s%2Fg%2F122zkbjk!3m5!1s0xd72d80803f5afd1:0x86d17d0efc3c8b62!8m2!3d36.5101263!4d-4.8828141!16s%2Fg%2F122zkbjk?entry=ttu\">Museo del Grabado<\/a>. Ser\u00e1 a partir de las 19:00h y la entrada es gratuita hasta completar aforo, no te lo pierdas. Mas info <a href=\"https:\/\/www.marbella.es\/actualidad\/item\/45073-el-museo-del-grabado-espanol-contemporaneo-albergara-manana-el-inicio-del-ciclo-homenaje-a-jean-cocteau-con-una-conferencia-sobre-la-presencia-del-artista-frances-en-la-ciudad.html\">aqu\u00ed<\/a><\/li>\n<\/ul>\n\n\n<div class=\"wp-block-image\">\n<figure class=\"aligncenter size-large is-resized\"><img loading=\"lazy\" decoding=\"async\" src=\"https:\/\/eymarbella.com\/wp-content\/uploads\/2023\/09\/Museo-del-Grabado-722x1024.jpeg\" alt=\"\" class=\"wp-image-82\" style=\"width:294px;height:417px\" width=\"294\" height=\"417\" srcset=\"https:\/\/eymarbella.com\/wp-content\/uploads\/2023\/09\/Museo-del-Grabado-722x1024.jpeg 722w, https:\/\/eymarbella.com\/wp-content\/uploads\/2023\/09\/Museo-del-Grabado-211x300.jpeg 211w, https:\/\/eymarbella.com\/wp-content\/uploads\/2023\/09\/Museo-del-Grabado-768x1090.jpeg 768w, https:\/\/eymarbella.com\/wp-content\/uploads\/2023\/09\/Museo-del-Grabado.jpeg 900w\" sizes=\"auto, (max-width: 294px) 100vw, 294px\" \/><\/figure>\n<\/div><\/div>\n\n\n\n<div class=\"wp-block-group\"><div class=\"wp-block-group__inner-container is-layout-constrained wp-block-group-is-layout-constrained\">\n<div class=\"wp-block-columns is-layout-flex wp-container-core-columns-is-layout-9d6595d7 wp-block-columns-is-layout-flex\">\n<div class=\"wp-block-column is-layout-flow wp-block-column-is-layout-flow\" style=\"flex-basis:100%\">\n<div class=\"wp-block-group is-vertical is-content-justification-center is-layout-flex wp-container-core-group-is-layout-4b2eccd6 wp-block-group-is-layout-flex\">\n<ul class=\"wp-block-list\">\n<li>Para completar el Juernes cultural y adem\u00e1s empaparnos de magia, el <strong>Viernes 29<\/strong> tenemos un evento espectacular en la <a href=\"https:\/\/www.google.com\/maps\/place\/Biblioteca+Central+Fernando+Alcal\u00e1+Mar\u00edn\/@36.5135077,-4.8834074,15z\/data=!4m2!3m1!1s0x0:0xd6f43fb13a0e3e4d?sa=X&amp;ved=2ahUKEwj-0fqUncuBAxUnWqQEHfhbCskQ_BJ6BAhBEAA&amp;ved=2ahUKEwj-0fqUncuBAxUnWqQEHfhbCskQ_BJ6BAhHEAg\">Biblioteca Fernando Alcal\u00e1<\/a>. El evento empezar\u00e1 a las 21:00 y su acceso ser\u00e1 mediante invitaci\u00f3n hasta completar aforo.<\/li>\n<\/ul>\n\n\n<div class=\"wp-block-image\">\n<figure class=\"aligncenter size-full is-resized\"><img loading=\"lazy\" decoding=\"async\" src=\"https:\/\/eymarbella.com\/wp-content\/uploads\/2023\/09\/orig_noche_biblioteca.jpeg\" alt=\"\" class=\"wp-image-85\" style=\"width:303px;height:303px\" width=\"303\" height=\"303\" srcset=\"https:\/\/eymarbella.com\/wp-content\/uploads\/2023\/09\/orig_noche_biblioteca.jpeg 800w, https:\/\/eymarbella.com\/wp-content\/uploads\/2023\/09\/orig_noche_biblioteca-300x300.jpeg 300w, https:\/\/eymarbella.com\/wp-content\/uploads\/2023\/09\/orig_noche_biblioteca-150x150.jpeg 150w, https:\/\/eymarbella.com\/wp-content\/uploads\/2023\/09\/orig_noche_biblioteca-768x768.jpeg 768w\" sizes=\"auto, (max-width: 303px) 100vw, 303px\" \/><\/figure>\n<\/div><\/div>\n<\/div>\n<\/div>\n<\/div><\/div>\n\n\n\n<div class=\"wp-block-group is-vertical is-content-justification-center is-layout-flex wp-container-core-group-is-layout-4b2eccd6 wp-block-group-is-layout-flex\">\n<ul class=\"wp-block-list\">\n<li>Que no te apetece Futbol ni Conferencias&#8230; no te preocupes! este fin de semana se celebra la <a href=\"https:\/\/www.marbella.es\/actualidad\/item\/45070-la-xi-exposicion-de-vehiculos-antiguos-ciudad-de-marbella-reunira-del-28-al-30-de-septiembre-alrededor-de-cuarenta-modelos-procedentes-de-distintos-puntos-de-espana.html\">XI Exposicion de Vehiculos Antiguos Ciudad de Marbella<\/a> un recorrido por diferentes partes del municipio en el que podr\u00e1s disfrutar la belleza de estos veh\u00edculos de antes de 1965.<\/li>\n<\/ul>\n\n\n<div class=\"wp-block-image\">\n<figure class=\"aligncenter size-large is-resized\"><img loading=\"lazy\" decoding=\"async\" src=\"https:\/\/eymarbella.com\/wp-content\/uploads\/2023\/09\/orig_vehiculos_antiguos-724x1024.jpeg\" alt=\"\" class=\"wp-image-83\" style=\"width:298px;height:421px\" width=\"298\" height=\"421\" srcset=\"https:\/\/eymarbella.com\/wp-content\/uploads\/2023\/09\/orig_vehiculos_antiguos-724x1024.jpeg 724w, https:\/\/eymarbella.com\/wp-content\/uploads\/2023\/09\/orig_vehiculos_antiguos-212x300.jpeg 212w, https:\/\/eymarbella.com\/wp-content\/uploads\/2023\/09\/orig_vehiculos_antiguos-768x1086.jpeg 768w, https:\/\/eymarbella.com\/wp-content\/uploads\/2023\/09\/orig_vehiculos_antiguos.jpeg 800w\" sizes=\"auto, (max-width: 298px) 100vw, 298px\" \/><\/figure>\n<\/div><\/div>\n\n\n\n<div class=\"wp-block-group is-vertical is-content-justification-center is-layout-flex wp-container-core-group-is-layout-4b2eccd6 wp-block-group-is-layout-flex\">\n<ul class=\"wp-block-list\">\n<li>El <strong>Domingo 1 de octubre<\/strong> teneis en el paseo de la Alameda un tradicional rastrillo benefico a cargo de <a href=\"https:\/\/horizonteproyectohombremarbella.org\/rastrillo-benefico-de-otono\/\">Proyecto Hombre<\/a>. El evento empezara a las 10:00h y concluira a las 19:30h<\/li>\n<\/ul>\n\n\n<div class=\"wp-block-image\">\n<figure class=\"aligncenter size-large is-resized\"><img loading=\"lazy\" decoding=\"async\" src=\"https:\/\/eymarbella.com\/wp-content\/uploads\/2023\/09\/Cartel-rastrillo-octubre-Post-de-Instagram-Vertical-819x1024.png\" alt=\"\" class=\"wp-image-84\" style=\"width:305px;height:381px\" width=\"305\" height=\"381\" srcset=\"https:\/\/eymarbella.com\/wp-content\/uploads\/2023\/09\/Cartel-rastrillo-octubre-Post-de-Instagram-Vertical-819x1024.png 819w, https:\/\/eymarbella.com\/wp-content\/uploads\/2023\/09\/Cartel-rastrillo-octubre-Post-de-Instagram-Vertical-240x300.png 240w, https:\/\/eymarbella.com\/wp-content\/uploads\/2023\/09\/Cartel-rastrillo-octubre-Post-de-Instagram-Vertical-768x960.png 768w, https:\/\/eymarbella.com\/wp-content\/uploads\/2023\/09\/Cartel-rastrillo-octubre-Post-de-Instagram-Vertical.png 1080w\" sizes=\"auto, (max-width: 305px) 100vw, 305px\" \/><\/figure>\n<\/div><\/div>\n\n\n\n<ul class=\"wp-block-list\">\n<li>No nos podemos olvidar del evento del fin de semana!! <a href=\"https:\/\/www.marbella.es\/images\/jevents\/programa_el_angel_2023.pdf\">LA FERIA DEL ANGEL<\/a> desde el d\u00eda <strong>29<\/strong> hasta el d\u00eda <strong>1 de octubre<\/strong>.\u00a1\u00a1Pasadlo muy bien vecinos!! Mas info <a href=\"https:\/\/www.marbella.es\/agenda\/eventodetalle\/57886\/feria-y-fiestas-el-angel.html\">aqu\u00ed<\/a><\/li>\n<\/ul>\n\n\n<div class=\"wp-block-image\">\n<figure class=\"aligncenter size-large is-resized\"><img loading=\"lazy\" decoding=\"async\" src=\"https:\/\/eymarbella.com\/wp-content\/uploads\/2023\/09\/orig_fiestas_el_angel-724x1024.jpg\" alt=\"\" class=\"wp-image-95\" style=\"width:311px;height:440px\" width=\"311\" height=\"440\" srcset=\"https:\/\/eymarbella.com\/wp-content\/uploads\/2023\/09\/orig_fiestas_el_angel-724x1024.jpg 724w, https:\/\/eymarbella.com\/wp-content\/uploads\/2023\/09\/orig_fiestas_el_angel-212x300.jpg 212w, https:\/\/eymarbella.com\/wp-content\/uploads\/2023\/09\/orig_fiestas_el_angel-768x1087.jpg 768w, https:\/\/eymarbella.com\/wp-content\/uploads\/2023\/09\/orig_fiestas_el_angel.jpg 800w\" sizes=\"auto, (max-width: 311px) 100vw, 311px\" \/><\/figure>\n<\/div>","protected":false},"excerpt":{"rendered":"<p>Juernes 28 de Septiembre<\/p>\n","protected":false},"author":1,"featured_media":95,"comment_status":"open","ping_status":"open","sticky":false,"template":"","format":"standard","meta":{"footnotes":""},"categories":[13],"tags":[],"class_list":["post-79","post","type-post","status-publish","format-standard","has-post-thumbnail","hentry","category-juernes"],"_links":{"self":[{"href":"https:\/\/eymarbella.com\/index.php?rest_route=\/wp\/v2\/posts\/79","targetHints":{"allow":["GET"]}}],"collection":[{"href":"https:\/\/eymarbella.com\/index.php?rest_route=\/wp\/v2\/posts"}],"about":[{"href":"https:\/\/eymarbella.com\/index.php?rest_route=\/wp\/v2\/types\/post"}],"author":[{"embeddable":true,"href":"https:\/\/eymarbella.com\/index.php?rest_route=\/wp\/v2\/users\/1"}],"replies":[{"embeddable":true,"href":"https:\/\/eymarbella.com\/index.php?rest_route=%2Fwp%2Fv2%2Fcomments&post=79"}],"version-history":[{"count":8,"href":"https:\/\/eymarbella.com\/index.php?rest_route=\/wp\/v2\/posts\/79\/revisions"}],"predecessor-version":[{"id":96,"href":"https:\/\/eymarbella.com\/index.php?rest_route=\/wp\/v2\/posts\/79\/revisions\/96"}],"wp:featuredmedia":[{"embeddable":true,"href":"https:\/\/eymarbella.com\/index.php?rest_route=\/wp\/v2\/media\/95"}],"wp:attachment":[{"href":"https:\/\/eymarbella.com\/index.php?rest_route=%2Fwp%2Fv2%2Fmedia&parent=79"}],"wp:term":[{"taxonomy":"category","embeddable":true,"href":"https:\/\/eymarbella.com\/index.php?rest_route=%2Fwp%2Fv2%2Fcategories&post=79"},{"taxonomy":"post_tag","embeddable":true,"href":"https:\/\/eymarbella.com\/index.php?rest_route=%2Fwp%2Fv2%2Ftags&post=79"}],"curies":[{"name":"wp","href":"https:\/\/api.w.org\/{rel}","templated":true}]}}